{"id":1604,"date":"2015-08-12T16:11:56","date_gmt":"2015-08-12T16:11:56","guid":{"rendered":"http:\/\/inforfig.com\/?p=1604"},"modified":"2015-08-14T16:17:53","modified_gmt":"2015-08-14T16:17:53","slug":"modalidades-de-formacao","status":"publish","type":"post","link":"http:\/\/fachonet.com\/index.php\/2015\/08\/12\/modalidades-de-formacao\/","title":{"rendered":"Modalidades de Forma\u00e7\u00e3o"},"content":{"rendered":"<h1 class=\"title\">Cursos de Forma\u00e7\u00e3o Modular Certificada<\/h1>\n<p><strong>O que s\u00e3o?<\/strong><\/p>\n<p>Os cursos de forma\u00e7\u00e3o modular certificada permitem atualizar e aperfei\u00e7oar os conhecimentos te\u00f3ricos e pr\u00e1ticos da popula\u00e7\u00e3o portuguesa adulta, bem como elevar os seus n\u00edveis de habilita\u00e7\u00e3o escolar e profissional.<\/p>\n<p>Estes cursos destinam-se a adultos\/as com idade igual ou superior a 18 anos, empregados\/as ou desempregados\/as que queiram melhorar as suas compet\u00eancias em dom\u00ednios de \u00e2mbito geral ou espec\u00edfico de uma profiss\u00e3o.<\/p>\n<p>Os cursos de forma\u00e7\u00e3o modular podem integrar uma componente de forma\u00e7\u00e3o de base, uma componente de forma\u00e7\u00e3o tecnol\u00f3gica, ou ambas, com uma dura\u00e7\u00e3o m\u00ednima de 25 horas e m\u00e1xima de 600 horas, sendo constitu\u00eddos por uma ou v\u00e1rias unidades de forma\u00e7\u00e3o que integram os referenciais de n\u00edvel 2 e n\u00edvel 4 do <a href=\"http:\/\/www.catalogo.anqep.gov.pt\/?cpp=1\" target=\"_blank\">Cat\u00e1logo Nacional de Qualifica\u00e7\u00f5es<\/a>.<\/p>\n<p>&nbsp;<\/p>\n<h1 class=\"title\">Cursos de Educa\u00e7\u00e3o e Forma\u00e7\u00e3o de Adultos (EFA)<\/h1>\n<p><strong>O que s\u00e3o?<\/strong><\/p>\n<p>Os cursos de educa\u00e7\u00e3o e forma\u00e7\u00e3o de adultos permitem elevar os n\u00edveis de habilita\u00e7\u00e3o escolar e profissional da popula\u00e7\u00e3o portuguesa adulta.<\/p>\n<p>Estes cursos possuem diferentes tipologias em fun\u00e7\u00e3o das habilita\u00e7\u00f5es escolares e\/ou profissionais dos\/as candidatos\/as, destinando-se a adultos\/as com idade igual ou superior a 18 anos, que n\u00e3o tenham conclu\u00eddo o 6\u00ba, o 9\u00ba ou o 12\u00ba ano de escolaridade.<\/p>\n<p>Os cursos EFA integram uma componente de forma\u00e7\u00e3o de base e uma componente de forma\u00e7\u00e3o tecnol\u00f3gica, assentando a sua organiza\u00e7\u00e3o nos referenciais de forma\u00e7\u00e3o, de n\u00edvel 2 e n\u00edvel 4, do <a href=\"http:\/\/www.catalogo.anqep.gov.pt\/?cpp=1\" target=\"_blank\">Cat\u00e1logo Nacional de Qualifica\u00e7\u00f5es<\/a>.<\/p>\n<p>&nbsp;<\/p>\n<p><strong>Certifica\u00e7\u00e3o<\/strong><\/p>\n<p>Para obter informa\u00e7\u00e3o sobre as tipologias de cursos EFA e respetiva certifica\u00e7\u00e3o, <a href=\"https:\/\/www.iefp.pt\/documents\/10181\/173726\/Cursos+EFA+-+acesso+e+certifica%C3%A7%C3%A3o+-+tipos+de+percursos.pdf\/ff00e9db-35c7-4ece-a2ff-166cdc91befd\" target=\"_blank\">aceda aqui<\/a>.<\/p>\n","protected":false},"excerpt":{"rendered":"<p>Cursos de Forma\u00e7\u00e3o Modular Certificada O que s\u00e3o? Os cursos de forma\u00e7\u00e3o modular certificada permitem atualizar e aperfei\u00e7oar os conhecimentos te\u00f3ricos e pr\u00e1ticos da popula\u00e7\u00e3o portuguesa adulta, bem como elevar os seus n\u00edveis de habilita\u00e7\u00e3o escolar e profissional. Estes cursos destinam-se a adultos\/as com idade igual ou superior a 18 anos, empregados\/as ou desempregados\/as que [&hellip;]<\/p>\n","protected":false},"author":2,"featured_media":1605,"comment_status":"closed","ping_status":"closed","sticky":false,"template":"","format":"standard","meta":{"footnotes":""},"categories":[23,1],"tags":[],"class_list":["post-1604","post","type-post","status-publish","format-standard","has-post-thumbnail","hentry","category-noticias","category-uncategorized"],"_links":{"self":[{"href":"http:\/\/fachonet.com\/index.php\/wp-json\/wp\/v2\/posts\/1604","targetHints":{"allow":["GET"]}}],"collection":[{"href":"http:\/\/fachonet.com\/index.php\/wp-json\/wp\/v2\/posts"}],"about":[{"href":"http:\/\/fachonet.com\/index.php\/wp-json\/wp\/v2\/types\/post"}],"author":[{"embeddable":true,"href":"http:\/\/fachonet.com\/index.php\/wp-json\/wp\/v2\/users\/2"}],"replies":[{"embeddable":true,"href":"http:\/\/fachonet.com\/index.php\/wp-json\/wp\/v2\/comments?post=1604"}],"version-history":[{"count":1,"href":"http:\/\/fachonet.com\/index.php\/wp-json\/wp\/v2\/posts\/1604\/revisions"}],"predecessor-version":[{"id":1606,"href":"http:\/\/fachonet.com\/index.php\/wp-json\/wp\/v2\/posts\/1604\/revisions\/1606"}],"wp:featuredmedia":[{"embeddable":true,"href":"http:\/\/fachonet.com\/index.php\/wp-json\/wp\/v2\/media\/1605"}],"wp:attachment":[{"href":"http:\/\/fachonet.com\/index.php\/wp-json\/wp\/v2\/media?parent=1604"}],"wp:term":[{"taxonomy":"category","embeddable":true,"href":"http:\/\/fachonet.com\/index.php\/wp-json\/wp\/v2\/categories?post=1604"},{"taxonomy":"post_tag","embeddable":true,"href":"http:\/\/fachonet.com\/index.php\/wp-json\/wp\/v2\/tags?post=1604"}],"curies":[{"name":"wp","href":"https:\/\/api.w.org\/{rel}","templated":true}]}}